{"id":5283,"date":"2021-10-22T14:49:16","date_gmt":"2021-10-22T13:49:16","guid":{"rendered":"https:\/\/www.lagunamadrid.com\/?p=5283"},"modified":"2021-11-10T10:08:04","modified_gmt":"2021-11-10T09:08:04","slug":"vinos-aceites-laguna-salon-gourmets-2021","status":"publish","type":"post","link":"https:\/\/www.lagunamadrid.com\/en\/vinos-aceites-laguna-salon-gourmets-2021\/","title":{"rendered":"VINOS Y ACEITES LAGUNA EN EL SAL\u00d3N GOURMETS 2021"},"content":{"rendered":"<p><img loading=\"lazy\" decoding=\"async\" class=\"alignnone size-full wp-image-5284\" src=\"https:\/\/www.lagunamadrid.com\/wp-content\/uploads\/2021\/10\/Copia-de-Blog-La-Intrusa-Madrid-Fusi\u00f3n.png\" alt=\"\" width=\"2240\" height=\"1260\" \/><\/p>\n<p>&nbsp;<\/p>\n<p>&nbsp;<\/p>\n<p>Una vez m\u00e1s, y despu\u00e9s de la inevitable cancelaci\u00f3n de la anterior edici\u00f3n el pasado 2020, hemos acudido a una de las citas gastron\u00f3micas m\u00e1s importantes a nivel internacional: el <strong>34 Sal\u00f3n Gourmets<\/strong>, que ha tenido lugar esta misma semana en IFEMA.<\/p>\n<p>&nbsp;<\/p>\n<p>Siendo la Feria de Alimentaci\u00f3n y Bebidas de calidad <strong>m\u00e1s grande de Europa<\/strong>, y uno de los referentes <strong>m\u00e1s prestigiosos del mundo<\/strong>, el Sal\u00f3n Gourmets representa el mejor escaparate de tendencias de alta gama. Es la plataforma m\u00e1s visitada y un encuentro de profesionales nacionales e internacionales del <strong>sector gastron\u00f3mico<\/strong>: restauraci\u00f3n, hosteler\u00eda, distribuci\u00f3n, catering y comercio especializado.<\/p>\n<p>&nbsp;<\/p>\n<p>Hab\u00e9is sido muchos los que durante estos cuatro intensos d\u00edas hab\u00e9is pasado por nuestro <strong>Stand de la<\/strong> <strong>Comunidad de Madrid<\/strong> para conocer nuestros vinos y aceites, y en los que tambi\u00e9n nos ha alegrado recibir la visita de tantas caras conocidas.<\/p>\n<p>&nbsp;<\/p>\n<p>Adem\u00e1s, tuvimos el placer de participar en un <strong>show cooking<\/strong> de la mano del chef <strong>Carlos P\u00e9rez<\/strong> (Restaurante Latxaska Etxea), que dise\u00f1\u00f3 especialmente un plato para esta ocasi\u00f3n elaborado con nuestro <strong>Aceite de Oliva Virgen Extra Ecol\u00f3gico<\/strong> de cosecha temprana y maridado con <strong>La Intrusa 2019<\/strong>. La acogida del p\u00fablico fue espectacular, y es que no fue para menos\u2026<\/p>\n<p>&nbsp;<\/p>\n<p>Agradecer a la organizaci\u00f3n y a los trabajadores su buen hacer a lo largo de todo el evento, y a la marca de calidad <strong>M Producto Certificado<\/strong>, por contar una vez m\u00e1s con nosotros. Y, por supuesto, agradecemos enormemente el inter\u00e9s de todos los visitantes por conocernos. Tras tantos meses de inactividad en este \u00e1mbito, <strong>\u00a1es un placer volver a vernos las caras!<\/strong><\/p>\n<p>&nbsp;<\/p>\n<p>&nbsp;<\/p>\n<style type=\"text\/css\">\n#foogallery-gallery-5286 { --fg-gutter: 10px; }<\/style>\n\t\t\t<div class=\"foogallery foogallery-container foogallery-default foogallery-lightbox-foobox fg-center fg-default fg-ready fg-light fg-border-thin fg-shadow-outline fg-loading-default fg-loaded-fade-in fg-caption-hover fg-hover-fade fg-hover-zoom\" id=\"foogallery-gallery-5286\" data-foogallery=\"{&quot;item&quot;:{&quot;showCaptionTitle&quot;:true,&quot;showCaptionDescription&quot;:true},&quot;lazy&quot;:true}\" style=\"--fg-title-line-clamp: 0; --fg-description-line-clamp: 0;\" >\n\t<div class=\"fg-item fg-type-image fg-idle\"><figure class=\"fg-item-inner\"><a href=\"https:\/\/www.lagunamadrid.com\/wp-content\/uploads\/2021\/10\/thumbnail_IMG_3642.jpg\" data-attachment-id=\"5289\" data-type=\"image\" class=\"fg-thumb\"><span class=\"fg-image-wrap\"><img fetchpriority=\"high\" decoding=\"async\" width=\"960\" height=\"1280\" class=\"skip-lazy fg-image\" data-src-fg=\"https:\/\/www.lagunamadrid.com\/wp-content\/uploads\/2021\/10\/thumbnail_IMG_3642.jpg\" src=\"data:image\/svg+xml,%3Csvg%20xmlns%3D%22http%3A%2F%2Fwww.w3.org%2F2000%2Fsvg%22%20width%3D%22960%22%20height%3D%221280%22%20viewBox%3D%220%200%20960%201280%22%3E%3C%2Fsvg%3E\" loading=\"eager\"><\/span><span class=\"fg-image-overlay\"><\/span><\/a><\/figure><div class=\"fg-loader\"><\/div><\/div><div class=\"fg-item fg-type-image fg-idle\"><figure class=\"fg-item-inner\"><a href=\"https:\/\/www.lagunamadrid.com\/wp-content\/uploads\/2021\/10\/image0.jpeg\" data-attachment-id=\"5288\" data-type=\"image\" class=\"fg-thumb\"><span class=\"fg-image-wrap\"><img decoding=\"async\" width=\"1024\" height=\"768\" class=\"skip-lazy fg-image\" data-src-fg=\"https:\/\/www.lagunamadrid.com\/wp-content\/uploads\/2021\/10\/image0.jpeg\" src=\"data:image\/svg+xml,%3Csvg%20xmlns%3D%22http%3A%2F%2Fwww.w3.org%2F2000%2Fsvg%22%20width%3D%221024%22%20height%3D%22768%22%20viewBox%3D%220%200%201024%20768%22%3E%3C%2Fsvg%3E\" loading=\"eager\"><\/span><span class=\"fg-image-overlay\"><\/span><\/a><\/figure><div class=\"fg-loader\"><\/div><\/div><div class=\"fg-item fg-type-image fg-idle\"><figure class=\"fg-item-inner\"><a href=\"https:\/\/www.lagunamadrid.com\/wp-content\/uploads\/2021\/10\/thumbnail_IMG_3850.jpg\" data-attachment-id=\"5290\" data-type=\"image\" class=\"fg-thumb\"><span class=\"fg-image-wrap\"><img decoding=\"async\" width=\"960\" height=\"1280\" class=\"skip-lazy fg-image\" data-src-fg=\"https:\/\/www.lagunamadrid.com\/wp-content\/uploads\/2021\/10\/thumbnail_IMG_3850.jpg\" src=\"data:image\/svg+xml,%3Csvg%20xmlns%3D%22http%3A%2F%2Fwww.w3.org%2F2000%2Fsvg%22%20width%3D%22960%22%20height%3D%221280%22%20viewBox%3D%220%200%20960%201280%22%3E%3C%2Fsvg%3E\" loading=\"eager\"><\/span><span class=\"fg-image-overlay\"><\/span><\/a><\/figure><div class=\"fg-loader\"><\/div><\/div><\/div>\n\n","protected":false},"excerpt":{"rendered":"<p>&nbsp; &nbsp; Una vez m\u00e1s, y despu\u00e9s de la inevitable cancelaci\u00f3n de la anterior edici\u00f3n el pasado 2020, hemos acudido a una de las citas gastron\u00f3micas m\u00e1s importantes a nivel internacional: el 34 Sal\u00f3n Gourmets, que ha tenido lugar esta misma semana en IFEMA. &nbsp; Siendo la Feria de Alimentaci\u00f3n y Bebidas de calidad m\u00e1s [&hellip;]<\/p>\n","protected":false},"author":1,"featured_media":5340,"comment_status":"open","ping_status":"closed","sticky":false,"template":"","format":"standard","meta":{"footnotes":""},"categories":[118,113,116],"tags":[],"class_list":["post-5283","post","type-post","status-publish","format-standard","has-post-thumbnail","hentry","category-aove","category-ferias","category-vinos"],"yoast_head":"<!-- This site is optimized with the Yoast SEO plugin v27.1.1 - https:\/\/yoast.com\/product\/yoast-seo-wordpress\/ -->\n<title>VINOS Y ACEITES LAGUNA EN EL SAL\u00d3N GOURMETS 2021 - Vinos y Aceites Laguna<\/title>\n<meta name=\"robots\" content=\"index, follow, max-snippet:-1, max-image-preview:large, max-video-preview:-1\" \/>\n<link rel=\"canonical\" href=\"https:\/\/www.lagunamadrid.com\/vinos-aceites-laguna-salon-gourmets-2021\/\" \/>\n<meta property=\"og:locale\" content=\"en_US\" \/>\n<meta property=\"og:type\" content=\"article\" \/>\n<meta property=\"og:title\" content=\"VINOS Y ACEITES LAGUNA EN EL SAL\u00d3N GOURMETS 2021 - Vinos y Aceites Laguna\" \/>\n<meta property=\"og:description\" content=\"&nbsp; &nbsp; Una vez m\u00e1s, y despu\u00e9s de la inevitable cancelaci\u00f3n de la anterior edici\u00f3n el pasado 2020, hemos acudido a una de las citas gastron\u00f3micas m\u00e1s importantes a nivel internacional: el 34 Sal\u00f3n Gourmets, que ha tenido lugar esta misma semana en IFEMA. &nbsp; Siendo la Feria de Alimentaci\u00f3n y Bebidas de calidad m\u00e1s [&hellip;]\" \/>\n<meta property=\"og:url\" content=\"https:\/\/www.lagunamadrid.com\/vinos-aceites-laguna-salon-gourmets-2021\/\" \/>\n<meta property=\"og:site_name\" content=\"Vinos y Aceites Laguna\" \/>\n<meta property=\"article:published_time\" content=\"2021-10-22T13:49:16+00:00\" \/>\n<meta property=\"article:modified_time\" content=\"2021-11-10T09:08:04+00:00\" \/>\n<meta property=\"og:image\" content=\"https:\/\/www.lagunamadrid.com\/wp-content\/uploads\/2021\/11\/Salon-Gourmets-2021-1.jpg\" \/>\n\t<meta property=\"og:image:width\" content=\"2240\" \/>\n\t<meta property=\"og:image:height\" content=\"1260\" \/>\n\t<meta property=\"og:image:type\" content=\"image\/jpeg\" \/>\n<meta name=\"author\" content=\"LAGUNA MADRID S.L.\" \/>\n<meta name=\"twitter:card\" content=\"summary_large_image\" \/>\n<meta name=\"twitter:label1\" content=\"Written by\" \/>\n\t<meta name=\"twitter:data1\" content=\"LAGUNA MADRID S.L.\" \/>\n\t<meta name=\"twitter:label2\" content=\"Est. reading time\" \/>\n\t<meta name=\"twitter:data2\" content=\"1 minute\" \/>\n<script type=\"application\/ld+json\" class=\"yoast-schema-graph\">{\"@context\":\"https:\/\/schema.org\",\"@graph\":[{\"@type\":\"Article\",\"@id\":\"https:\/\/www.lagunamadrid.com\/vinos-aceites-laguna-salon-gourmets-2021\/#article\",\"isPartOf\":{\"@id\":\"https:\/\/www.lagunamadrid.com\/vinos-aceites-laguna-salon-gourmets-2021\/\"},\"author\":{\"name\":\"LAGUNA MADRID S.L.\",\"@id\":\"https:\/\/www.lagunamadrid.com\/#\/schema\/person\/d870d1978560a835730779e1fd9be6ee\"},\"headline\":\"VINOS Y ACEITES LAGUNA EN EL SAL\u00d3N GOURMETS 2021\",\"datePublished\":\"2021-10-22T13:49:16+00:00\",\"dateModified\":\"2021-11-10T09:08:04+00:00\",\"mainEntityOfPage\":{\"@id\":\"https:\/\/www.lagunamadrid.com\/vinos-aceites-laguna-salon-gourmets-2021\/\"},\"wordCount\":306,\"commentCount\":1,\"publisher\":{\"@id\":\"https:\/\/www.lagunamadrid.com\/#organization\"},\"image\":{\"@id\":\"https:\/\/www.lagunamadrid.com\/vinos-aceites-laguna-salon-gourmets-2021\/#primaryimage\"},\"thumbnailUrl\":\"https:\/\/www.lagunamadrid.com\/wp-content\/uploads\/2021\/11\/Salon-Gourmets-2021-1.jpg\",\"articleSection\":[\"AOVE\",\"Ferias\",\"Wines\"],\"inLanguage\":\"en-US\",\"potentialAction\":[{\"@type\":\"CommentAction\",\"name\":\"Comment\",\"target\":[\"https:\/\/www.lagunamadrid.com\/vinos-aceites-laguna-salon-gourmets-2021\/#respond\"]}]},{\"@type\":\"WebPage\",\"@id\":\"https:\/\/www.lagunamadrid.com\/vinos-aceites-laguna-salon-gourmets-2021\/\",\"url\":\"https:\/\/www.lagunamadrid.com\/vinos-aceites-laguna-salon-gourmets-2021\/\",\"name\":\"VINOS Y ACEITES LAGUNA EN EL SAL\u00d3N GOURMETS 2021 - Vinos y Aceites Laguna\",\"isPartOf\":{\"@id\":\"https:\/\/www.lagunamadrid.com\/#website\"},\"primaryImageOfPage\":{\"@id\":\"https:\/\/www.lagunamadrid.com\/vinos-aceites-laguna-salon-gourmets-2021\/#primaryimage\"},\"image\":{\"@id\":\"https:\/\/www.lagunamadrid.com\/vinos-aceites-laguna-salon-gourmets-2021\/#primaryimage\"},\"thumbnailUrl\":\"https:\/\/www.lagunamadrid.com\/wp-content\/uploads\/2021\/11\/Salon-Gourmets-2021-1.jpg\",\"datePublished\":\"2021-10-22T13:49:16+00:00\",\"dateModified\":\"2021-11-10T09:08:04+00:00\",\"breadcrumb\":{\"@id\":\"https:\/\/www.lagunamadrid.com\/vinos-aceites-laguna-salon-gourmets-2021\/#breadcrumb\"},\"inLanguage\":\"en-US\",\"potentialAction\":[{\"@type\":\"ReadAction\",\"target\":[\"https:\/\/www.lagunamadrid.com\/vinos-aceites-laguna-salon-gourmets-2021\/\"]}]},{\"@type\":\"ImageObject\",\"inLanguage\":\"en-US\",\"@id\":\"https:\/\/www.lagunamadrid.com\/vinos-aceites-laguna-salon-gourmets-2021\/#primaryimage\",\"url\":\"https:\/\/www.lagunamadrid.com\/wp-content\/uploads\/2021\/11\/Salon-Gourmets-2021-1.jpg\",\"contentUrl\":\"https:\/\/www.lagunamadrid.com\/wp-content\/uploads\/2021\/11\/Salon-Gourmets-2021-1.jpg\",\"width\":2240,\"height\":1260},{\"@type\":\"BreadcrumbList\",\"@id\":\"https:\/\/www.lagunamadrid.com\/vinos-aceites-laguna-salon-gourmets-2021\/#breadcrumb\",\"itemListElement\":[{\"@type\":\"ListItem\",\"position\":1,\"name\":\"Portada\",\"item\":\"https:\/\/www.lagunamadrid.com\/\"},{\"@type\":\"ListItem\",\"position\":2,\"name\":\"VINOS Y ACEITES LAGUNA EN EL SAL\u00d3N GOURMETS 2021\"}]},{\"@type\":\"WebSite\",\"@id\":\"https:\/\/www.lagunamadrid.com\/#website\",\"url\":\"https:\/\/www.lagunamadrid.com\/\",\"name\":\"Vinos y Aceites Laguna\",\"description\":\"Elaboraci\u00f3n de vino y aceite de oliva virgen extra\",\"publisher\":{\"@id\":\"https:\/\/www.lagunamadrid.com\/#organization\"},\"potentialAction\":[{\"@type\":\"SearchAction\",\"target\":{\"@type\":\"EntryPoint\",\"urlTemplate\":\"https:\/\/www.lagunamadrid.com\/?s={search_term_string}\"},\"query-input\":{\"@type\":\"PropertyValueSpecification\",\"valueRequired\":true,\"valueName\":\"search_term_string\"}}],\"inLanguage\":\"en-US\"},{\"@type\":\"Organization\",\"@id\":\"https:\/\/www.lagunamadrid.com\/#organization\",\"name\":\"Vinos y Aceites Laguna S.L.\",\"url\":\"https:\/\/www.lagunamadrid.com\/\",\"logo\":{\"@type\":\"ImageObject\",\"inLanguage\":\"en-US\",\"@id\":\"https:\/\/www.lagunamadrid.com\/#\/schema\/logo\/image\/\",\"url\":\"https:\/\/www.lagunamadrid.com\/wp-content\/uploads\/2019\/11\/LOGOpositivo-e1574944642744.jpg\",\"contentUrl\":\"https:\/\/www.lagunamadrid.com\/wp-content\/uploads\/2019\/11\/LOGOpositivo-e1574944642744.jpg\",\"width\":250,\"height\":106,\"caption\":\"Vinos y Aceites Laguna S.L.\"},\"image\":{\"@id\":\"https:\/\/www.lagunamadrid.com\/#\/schema\/logo\/image\/\"}},{\"@type\":\"Person\",\"@id\":\"https:\/\/www.lagunamadrid.com\/#\/schema\/person\/d870d1978560a835730779e1fd9be6ee\",\"name\":\"LAGUNA MADRID S.L.\",\"image\":{\"@type\":\"ImageObject\",\"inLanguage\":\"en-US\",\"@id\":\"https:\/\/www.lagunamadrid.com\/#\/schema\/person\/image\/\",\"url\":\"https:\/\/secure.gravatar.com\/avatar\/f08f0b5bf5366443c417692874b613fb1b8f5673a8a03c9f82ef95a017501677?s=96&d=mm&r=g\",\"contentUrl\":\"https:\/\/secure.gravatar.com\/avatar\/f08f0b5bf5366443c417692874b613fb1b8f5673a8a03c9f82ef95a017501677?s=96&d=mm&r=g\",\"caption\":\"LAGUNA MADRID S.L.\"},\"sameAs\":[\"https:\/\/lagunamadrid.com\"],\"url\":\"https:\/\/www.lagunamadrid.com\/en\/author\/laguna\/\"}]}<\/script>\n<!-- \/ Yoast SEO plugin. -->","yoast_head_json":{"title":"VINOS Y ACEITES LAGUNA EN EL SAL\u00d3N GOURMETS 2021 - Vinos y Aceites Laguna","robots":{"index":"index","follow":"follow","max-snippet":"max-snippet:-1","max-image-preview":"max-image-preview:large","max-video-preview":"max-video-preview:-1"},"canonical":"https:\/\/www.lagunamadrid.com\/vinos-aceites-laguna-salon-gourmets-2021\/","og_locale":"en_US","og_type":"article","og_title":"VINOS Y ACEITES LAGUNA EN EL SAL\u00d3N GOURMETS 2021 - Vinos y Aceites Laguna","og_description":"&nbsp; &nbsp; Una vez m\u00e1s, y despu\u00e9s de la inevitable cancelaci\u00f3n de la anterior edici\u00f3n el pasado 2020, hemos acudido a una de las citas gastron\u00f3micas m\u00e1s importantes a nivel internacional: el 34 Sal\u00f3n Gourmets, que ha tenido lugar esta misma semana en IFEMA. &nbsp; Siendo la Feria de Alimentaci\u00f3n y Bebidas de calidad m\u00e1s [&hellip;]","og_url":"https:\/\/www.lagunamadrid.com\/vinos-aceites-laguna-salon-gourmets-2021\/","og_site_name":"Vinos y Aceites Laguna","article_published_time":"2021-10-22T13:49:16+00:00","article_modified_time":"2021-11-10T09:08:04+00:00","og_image":[{"width":2240,"height":1260,"url":"https:\/\/www.lagunamadrid.com\/wp-content\/uploads\/2021\/11\/Salon-Gourmets-2021-1.jpg","type":"image\/jpeg"}],"author":"LAGUNA MADRID S.L.","twitter_card":"summary_large_image","twitter_misc":{"Written by":"LAGUNA MADRID S.L.","Est. reading time":"1 minute"},"schema":{"@context":"https:\/\/schema.org","@graph":[{"@type":"Article","@id":"https:\/\/www.lagunamadrid.com\/vinos-aceites-laguna-salon-gourmets-2021\/#article","isPartOf":{"@id":"https:\/\/www.lagunamadrid.com\/vinos-aceites-laguna-salon-gourmets-2021\/"},"author":{"name":"LAGUNA MADRID S.L.","@id":"https:\/\/www.lagunamadrid.com\/#\/schema\/person\/d870d1978560a835730779e1fd9be6ee"},"headline":"VINOS Y ACEITES LAGUNA EN EL SAL\u00d3N GOURMETS 2021","datePublished":"2021-10-22T13:49:16+00:00","dateModified":"2021-11-10T09:08:04+00:00","mainEntityOfPage":{"@id":"https:\/\/www.lagunamadrid.com\/vinos-aceites-laguna-salon-gourmets-2021\/"},"wordCount":306,"commentCount":1,"publisher":{"@id":"https:\/\/www.lagunamadrid.com\/#organization"},"image":{"@id":"https:\/\/www.lagunamadrid.com\/vinos-aceites-laguna-salon-gourmets-2021\/#primaryimage"},"thumbnailUrl":"https:\/\/www.lagunamadrid.com\/wp-content\/uploads\/2021\/11\/Salon-Gourmets-2021-1.jpg","articleSection":["AOVE","Ferias","Wines"],"inLanguage":"en-US","potentialAction":[{"@type":"CommentAction","name":"Comment","target":["https:\/\/www.lagunamadrid.com\/vinos-aceites-laguna-salon-gourmets-2021\/#respond"]}]},{"@type":"WebPage","@id":"https:\/\/www.lagunamadrid.com\/vinos-aceites-laguna-salon-gourmets-2021\/","url":"https:\/\/www.lagunamadrid.com\/vinos-aceites-laguna-salon-gourmets-2021\/","name":"VINOS Y ACEITES LAGUNA EN EL SAL\u00d3N GOURMETS 2021 - Vinos y Aceites Laguna","isPartOf":{"@id":"https:\/\/www.lagunamadrid.com\/#website"},"primaryImageOfPage":{"@id":"https:\/\/www.lagunamadrid.com\/vinos-aceites-laguna-salon-gourmets-2021\/#primaryimage"},"image":{"@id":"https:\/\/www.lagunamadrid.com\/vinos-aceites-laguna-salon-gourmets-2021\/#primaryimage"},"thumbnailUrl":"https:\/\/www.lagunamadrid.com\/wp-content\/uploads\/2021\/11\/Salon-Gourmets-2021-1.jpg","datePublished":"2021-10-22T13:49:16+00:00","dateModified":"2021-11-10T09:08:04+00:00","breadcrumb":{"@id":"https:\/\/www.lagunamadrid.com\/vinos-aceites-laguna-salon-gourmets-2021\/#breadcrumb"},"inLanguage":"en-US","potentialAction":[{"@type":"ReadAction","target":["https:\/\/www.lagunamadrid.com\/vinos-aceites-laguna-salon-gourmets-2021\/"]}]},{"@type":"ImageObject","inLanguage":"en-US","@id":"https:\/\/www.lagunamadrid.com\/vinos-aceites-laguna-salon-gourmets-2021\/#primaryimage","url":"https:\/\/www.lagunamadrid.com\/wp-content\/uploads\/2021\/11\/Salon-Gourmets-2021-1.jpg","contentUrl":"https:\/\/www.lagunamadrid.com\/wp-content\/uploads\/2021\/11\/Salon-Gourmets-2021-1.jpg","width":2240,"height":1260},{"@type":"BreadcrumbList","@id":"https:\/\/www.lagunamadrid.com\/vinos-aceites-laguna-salon-gourmets-2021\/#breadcrumb","itemListElement":[{"@type":"ListItem","position":1,"name":"Portada","item":"https:\/\/www.lagunamadrid.com\/"},{"@type":"ListItem","position":2,"name":"VINOS Y ACEITES LAGUNA EN EL SAL\u00d3N GOURMETS 2021"}]},{"@type":"WebSite","@id":"https:\/\/www.lagunamadrid.com\/#website","url":"https:\/\/www.lagunamadrid.com\/","name":"Vinos y Aceites Laguna","description":"Elaboraci\u00f3n de vino y aceite de oliva virgen extra","publisher":{"@id":"https:\/\/www.lagunamadrid.com\/#organization"},"potentialAction":[{"@type":"SearchAction","target":{"@type":"EntryPoint","urlTemplate":"https:\/\/www.lagunamadrid.com\/?s={search_term_string}"},"query-input":{"@type":"PropertyValueSpecification","valueRequired":true,"valueName":"search_term_string"}}],"inLanguage":"en-US"},{"@type":"Organization","@id":"https:\/\/www.lagunamadrid.com\/#organization","name":"Vinos y Aceites Laguna S.L.","url":"https:\/\/www.lagunamadrid.com\/","logo":{"@type":"ImageObject","inLanguage":"en-US","@id":"https:\/\/www.lagunamadrid.com\/#\/schema\/logo\/image\/","url":"https:\/\/www.lagunamadrid.com\/wp-content\/uploads\/2019\/11\/LOGOpositivo-e1574944642744.jpg","contentUrl":"https:\/\/www.lagunamadrid.com\/wp-content\/uploads\/2019\/11\/LOGOpositivo-e1574944642744.jpg","width":250,"height":106,"caption":"Vinos y Aceites Laguna S.L."},"image":{"@id":"https:\/\/www.lagunamadrid.com\/#\/schema\/logo\/image\/"}},{"@type":"Person","@id":"https:\/\/www.lagunamadrid.com\/#\/schema\/person\/d870d1978560a835730779e1fd9be6ee","name":"LAGUNA MADRID S.L.","image":{"@type":"ImageObject","inLanguage":"en-US","@id":"https:\/\/www.lagunamadrid.com\/#\/schema\/person\/image\/","url":"https:\/\/secure.gravatar.com\/avatar\/f08f0b5bf5366443c417692874b613fb1b8f5673a8a03c9f82ef95a017501677?s=96&d=mm&r=g","contentUrl":"https:\/\/secure.gravatar.com\/avatar\/f08f0b5bf5366443c417692874b613fb1b8f5673a8a03c9f82ef95a017501677?s=96&d=mm&r=g","caption":"LAGUNA MADRID S.L."},"sameAs":["https:\/\/lagunamadrid.com"],"url":"https:\/\/www.lagunamadrid.com\/en\/author\/laguna\/"}]}},"_links":{"self":[{"href":"https:\/\/www.lagunamadrid.com\/en\/wp-json\/wp\/v2\/posts\/5283","targetHints":{"allow":["GET"]}}],"collection":[{"href":"https:\/\/www.lagunamadrid.com\/en\/wp-json\/wp\/v2\/posts"}],"about":[{"href":"https:\/\/www.lagunamadrid.com\/en\/wp-json\/wp\/v2\/types\/post"}],"author":[{"embeddable":true,"href":"https:\/\/www.lagunamadrid.com\/en\/wp-json\/wp\/v2\/users\/1"}],"replies":[{"embeddable":true,"href":"https:\/\/www.lagunamadrid.com\/en\/wp-json\/wp\/v2\/comments?post=5283"}],"version-history":[{"count":4,"href":"https:\/\/www.lagunamadrid.com\/en\/wp-json\/wp\/v2\/posts\/5283\/revisions"}],"predecessor-version":[{"id":5293,"href":"https:\/\/www.lagunamadrid.com\/en\/wp-json\/wp\/v2\/posts\/5283\/revisions\/5293"}],"wp:featuredmedia":[{"embeddable":true,"href":"https:\/\/www.lagunamadrid.com\/en\/wp-json\/wp\/v2\/media\/5340"}],"wp:attachment":[{"href":"https:\/\/www.lagunamadrid.com\/en\/wp-json\/wp\/v2\/media?parent=5283"}],"wp:term":[{"taxonomy":"category","embeddable":true,"href":"https:\/\/www.lagunamadrid.com\/en\/wp-json\/wp\/v2\/categories?post=5283"},{"taxonomy":"post_tag","embeddable":true,"href":"https:\/\/www.lagunamadrid.com\/en\/wp-json\/wp\/v2\/tags?post=5283"}],"curies":[{"name":"wp","href":"https:\/\/api.w.org\/{rel}","templated":true}]}}