{"id":4631,"date":"2020-09-14T15:32:11","date_gmt":"2020-09-14T14:32:11","guid":{"rendered":"https:\/\/www.lagunamadrid.com\/?p=4631"},"modified":"2021-08-30T14:21:53","modified_gmt":"2021-08-30T13:21:53","slug":"experiencias-alma-26-septiembre","status":"publish","type":"post","link":"https:\/\/www.lagunamadrid.com\/en\/experiencias-alma-26-septiembre\/","title":{"rendered":"EXPERIENCIAS CON ALMA &#8211; 26 de Septiembre"},"content":{"rendered":"<p><img loading=\"lazy\" decoding=\"async\" class=\"alignnone wp-image-5227 size-full\" src=\"https:\/\/www.lagunamadrid.com\/wp-content\/uploads\/2020\/09\/EXPER.jpg\" alt=\"\" width=\"1820\" height=\"1024\" srcset=\"https:\/\/www.lagunamadrid.com\/wp-content\/uploads\/2020\/09\/EXPER.jpg 1820w, https:\/\/www.lagunamadrid.com\/wp-content\/uploads\/2020\/09\/EXPER-1536x864.jpg 1536w, https:\/\/www.lagunamadrid.com\/wp-content\/uploads\/2020\/09\/EXPER-250x141.jpg 250w, https:\/\/www.lagunamadrid.com\/wp-content\/uploads\/2020\/09\/EXPER-550x309.jpg 550w\" sizes=\"auto, (max-width: 1820px) 100vw, 1820px\" \/><\/p>\n<p>&nbsp;<\/p>\n<p>\u00a1Tenemos una cita!<\/p>\n<p>&nbsp;<\/p>\n<p>El pr\u00f3ximo <strong>s\u00e1bado 26 de septiembre<\/strong> volvemos con una nueva edici\u00f3n de <strong>Experiencias con ALMA<\/strong>.<\/p>\n<p>&nbsp;<\/p>\n<p>Un mismo recorrido en esencia, pero cada vez una experiencia diferente. Y es que, en funci\u00f3n de la fecha en la que nos encontremos, cambiamos de vi\u00f1edo, los vinos que probamos, los lugares en los que los catamos\u2026 todo dise\u00f1ado especialmente para ese d\u00eda, para que saques el m\u00e1ximo partido a tu visita y conozcas el origen de nuestros vinos y aceites.<\/p>\n<p>&nbsp;<\/p>\n<p>Queremos que pases una ma\u00f1ana diferente, y que tu \u00fanica preocupaci\u00f3n sea disfrutar del tiempo que est\u00e9s con nosotros. Por eso, las\u00a0<strong>plazas son limitadas<\/strong>\u00a0y cuidaremos el cumplimiento de las\u00a0<strong>medidas de seguridad<\/strong>.<\/p>\n<p>&nbsp;<\/p>\n<p>El vi\u00f1edo, la bodega y almazara, la sala de barricas... Nos gusta sorprenderte, as\u00ed que preferimos no contarte mucho m\u00e1s y que lo vivas t\u00fa mismo.<\/p>\n<p>&nbsp;<\/p>\n<p>Rellena\u00a0<strong><a href=\"https:\/\/www.lagunamadrid.com\/contacto\/\" target=\"_blank\" rel=\"noopener noreferrer\">aqu\u00ed<\/a><\/strong> el formulario de contacto para reservar tu plaza, o escr\u00edbenos a <strong><a href=\"mailto:info@lagunamadrid.com\">info@lagunamadrid.com<\/a><\/strong> si tienes cualquier duda.<\/p>\n<p>&nbsp;<\/p>\n<p style=\"text-align: center;\"><strong>\u00a1Te esperamos!<\/strong><\/p>\n<p>&nbsp;<\/p>\n<p>&nbsp;<\/p>\n<p>Otros detalles:<\/p>\n<ul>\n<li>Duraci\u00f3n: 2h y media aproximadamente (Inicio a las 10.45h). Incluye cata de varios vinos, degustaci\u00f3n de nuestro Aceite de Oliva Virgen Extra Ecol\u00f3gico y aperitivo.<\/li>\n<li>Precio: 15 \u20ac\/persona.<\/li>\n<li>Imprescindible inscripci\u00f3n previa.<\/li>\n<li>Obligatorio el uso de mascarilla durante la visita.<\/li>\n<li>Para la visita al vi\u00f1edo ser\u00e1 necesario el uso de veh\u00edculo propio (camino de f\u00e1cil acceso). Esta visita estar\u00e1 sujeta a cambios en las condiciones climatol\u00f3gicas.<\/li>\n<li>Recomendable calzado c\u00f3modo para la visita.<\/li>\n<\/ul>\n","protected":false},"excerpt":{"rendered":"<p>&nbsp; \u00a1Tenemos una cita! &nbsp; El pr\u00f3ximo s\u00e1bado 26 de septiembre volvemos con una nueva edici\u00f3n de Experiencias con ALMA. &nbsp; Un mismo recorrido en esencia, pero cada vez una experiencia diferente. Y es que, en funci\u00f3n de la fecha en la que nos encontremos, cambiamos de vi\u00f1edo, los vinos que probamos, los lugares en [&hellip;]<\/p>\n","protected":false},"author":1,"featured_media":5227,"comment_status":"open","ping_status":"closed","sticky":false,"template":"","format":"standard","meta":{"footnotes":""},"categories":[115],"tags":[],"class_list":["post-4631","post","type-post","status-publish","format-standard","has-post-thumbnail","hentry","category-oleo-enoturismo"],"yoast_head":"<!-- This site is optimized with the Yoast SEO plugin v27.1.1 - https:\/\/yoast.com\/product\/yoast-seo-wordpress\/ -->\n<title>EXPERIENCIAS CON ALMA - 26 de Septiembre - Vinos y Aceites Laguna<\/title>\n<meta name=\"robots\" content=\"index, follow, max-snippet:-1, max-image-preview:large, max-video-preview:-1\" \/>\n<link rel=\"canonical\" href=\"https:\/\/www.lagunamadrid.com\/experiencias-alma-26-septiembre\/\" \/>\n<meta property=\"og:locale\" content=\"en_US\" \/>\n<meta property=\"og:type\" content=\"article\" \/>\n<meta property=\"og:title\" content=\"EXPERIENCIAS CON ALMA - 26 de Septiembre - Vinos y Aceites Laguna\" \/>\n<meta property=\"og:description\" content=\"&nbsp; \u00a1Tenemos una cita! &nbsp; El pr\u00f3ximo s\u00e1bado 26 de septiembre volvemos con una nueva edici\u00f3n de Experiencias con ALMA. &nbsp; Un mismo recorrido en esencia, pero cada vez una experiencia diferente. Y es que, en funci\u00f3n de la fecha en la que nos encontremos, cambiamos de vi\u00f1edo, los vinos que probamos, los lugares en [&hellip;]\" \/>\n<meta property=\"og:url\" content=\"https:\/\/www.lagunamadrid.com\/experiencias-alma-26-septiembre\/\" \/>\n<meta property=\"og:site_name\" content=\"Vinos y Aceites Laguna\" \/>\n<meta property=\"article:published_time\" content=\"2020-09-14T14:32:11+00:00\" \/>\n<meta property=\"article:modified_time\" content=\"2021-08-30T13:21:53+00:00\" \/>\n<meta property=\"og:image\" content=\"https:\/\/www.lagunamadrid.com\/wp-content\/uploads\/2020\/09\/EXPER.jpg\" \/>\n\t<meta property=\"og:image:width\" content=\"1820\" \/>\n\t<meta property=\"og:image:height\" content=\"1024\" \/>\n\t<meta property=\"og:image:type\" content=\"image\/jpeg\" \/>\n<meta name=\"author\" content=\"LAGUNA MADRID S.L.\" \/>\n<meta name=\"twitter:card\" content=\"summary_large_image\" \/>\n<meta name=\"twitter:label1\" content=\"Written by\" \/>\n\t<meta name=\"twitter:data1\" content=\"LAGUNA MADRID S.L.\" \/>\n\t<meta name=\"twitter:label2\" content=\"Est. reading time\" \/>\n\t<meta name=\"twitter:data2\" content=\"1 minute\" \/>\n<script type=\"application\/ld+json\" class=\"yoast-schema-graph\">{\"@context\":\"https:\/\/schema.org\",\"@graph\":[{\"@type\":\"Article\",\"@id\":\"https:\/\/www.lagunamadrid.com\/experiencias-alma-26-septiembre\/#article\",\"isPartOf\":{\"@id\":\"https:\/\/www.lagunamadrid.com\/experiencias-alma-26-septiembre\/\"},\"author\":{\"name\":\"LAGUNA MADRID S.L.\",\"@id\":\"https:\/\/www.lagunamadrid.com\/#\/schema\/person\/d870d1978560a835730779e1fd9be6ee\"},\"headline\":\"EXPERIENCIAS CON ALMA &#8211; 26 de Septiembre\",\"datePublished\":\"2020-09-14T14:32:11+00:00\",\"dateModified\":\"2021-08-30T13:21:53+00:00\",\"mainEntityOfPage\":{\"@id\":\"https:\/\/www.lagunamadrid.com\/experiencias-alma-26-septiembre\/\"},\"wordCount\":271,\"commentCount\":0,\"publisher\":{\"@id\":\"https:\/\/www.lagunamadrid.com\/#organization\"},\"image\":{\"@id\":\"https:\/\/www.lagunamadrid.com\/experiencias-alma-26-septiembre\/#primaryimage\"},\"thumbnailUrl\":\"https:\/\/www.lagunamadrid.com\/wp-content\/uploads\/2020\/09\/EXPER.jpg\",\"articleSection\":[\"Oleo-Enoturismo\"],\"inLanguage\":\"en-US\",\"potentialAction\":[{\"@type\":\"CommentAction\",\"name\":\"Comment\",\"target\":[\"https:\/\/www.lagunamadrid.com\/experiencias-alma-26-septiembre\/#respond\"]}]},{\"@type\":\"WebPage\",\"@id\":\"https:\/\/www.lagunamadrid.com\/experiencias-alma-26-septiembre\/\",\"url\":\"https:\/\/www.lagunamadrid.com\/experiencias-alma-26-septiembre\/\",\"name\":\"EXPERIENCIAS CON ALMA - 26 de Septiembre - Vinos y Aceites Laguna\",\"isPartOf\":{\"@id\":\"https:\/\/www.lagunamadrid.com\/#website\"},\"primaryImageOfPage\":{\"@id\":\"https:\/\/www.lagunamadrid.com\/experiencias-alma-26-septiembre\/#primaryimage\"},\"image\":{\"@id\":\"https:\/\/www.lagunamadrid.com\/experiencias-alma-26-septiembre\/#primaryimage\"},\"thumbnailUrl\":\"https:\/\/www.lagunamadrid.com\/wp-content\/uploads\/2020\/09\/EXPER.jpg\",\"datePublished\":\"2020-09-14T14:32:11+00:00\",\"dateModified\":\"2021-08-30T13:21:53+00:00\",\"breadcrumb\":{\"@id\":\"https:\/\/www.lagunamadrid.com\/experiencias-alma-26-septiembre\/#breadcrumb\"},\"inLanguage\":\"en-US\",\"potentialAction\":[{\"@type\":\"ReadAction\",\"target\":[\"https:\/\/www.lagunamadrid.com\/experiencias-alma-26-septiembre\/\"]}]},{\"@type\":\"ImageObject\",\"inLanguage\":\"en-US\",\"@id\":\"https:\/\/www.lagunamadrid.com\/experiencias-alma-26-septiembre\/#primaryimage\",\"url\":\"https:\/\/www.lagunamadrid.com\/wp-content\/uploads\/2020\/09\/EXPER.jpg\",\"contentUrl\":\"https:\/\/www.lagunamadrid.com\/wp-content\/uploads\/2020\/09\/EXPER.jpg\",\"width\":1820,\"height\":1024},{\"@type\":\"BreadcrumbList\",\"@id\":\"https:\/\/www.lagunamadrid.com\/experiencias-alma-26-septiembre\/#breadcrumb\",\"itemListElement\":[{\"@type\":\"ListItem\",\"position\":1,\"name\":\"Portada\",\"item\":\"https:\/\/www.lagunamadrid.com\/\"},{\"@type\":\"ListItem\",\"position\":2,\"name\":\"EXPERIENCIAS CON ALMA &#8211; 26 de Septiembre\"}]},{\"@type\":\"WebSite\",\"@id\":\"https:\/\/www.lagunamadrid.com\/#website\",\"url\":\"https:\/\/www.lagunamadrid.com\/\",\"name\":\"Vinos y Aceites Laguna\",\"description\":\"Elaboraci\u00f3n de vino y aceite de oliva virgen extra\",\"publisher\":{\"@id\":\"https:\/\/www.lagunamadrid.com\/#organization\"},\"potentialAction\":[{\"@type\":\"SearchAction\",\"target\":{\"@type\":\"EntryPoint\",\"urlTemplate\":\"https:\/\/www.lagunamadrid.com\/?s={search_term_string}\"},\"query-input\":{\"@type\":\"PropertyValueSpecification\",\"valueRequired\":true,\"valueName\":\"search_term_string\"}}],\"inLanguage\":\"en-US\"},{\"@type\":\"Organization\",\"@id\":\"https:\/\/www.lagunamadrid.com\/#organization\",\"name\":\"Vinos y Aceites Laguna S.L.\",\"url\":\"https:\/\/www.lagunamadrid.com\/\",\"logo\":{\"@type\":\"ImageObject\",\"inLanguage\":\"en-US\",\"@id\":\"https:\/\/www.lagunamadrid.com\/#\/schema\/logo\/image\/\",\"url\":\"https:\/\/www.lagunamadrid.com\/wp-content\/uploads\/2019\/11\/LOGOpositivo-e1574944642744.jpg\",\"contentUrl\":\"https:\/\/www.lagunamadrid.com\/wp-content\/uploads\/2019\/11\/LOGOpositivo-e1574944642744.jpg\",\"width\":250,\"height\":106,\"caption\":\"Vinos y Aceites Laguna S.L.\"},\"image\":{\"@id\":\"https:\/\/www.lagunamadrid.com\/#\/schema\/logo\/image\/\"}},{\"@type\":\"Person\",\"@id\":\"https:\/\/www.lagunamadrid.com\/#\/schema\/person\/d870d1978560a835730779e1fd9be6ee\",\"name\":\"LAGUNA MADRID S.L.\",\"image\":{\"@type\":\"ImageObject\",\"inLanguage\":\"en-US\",\"@id\":\"https:\/\/www.lagunamadrid.com\/#\/schema\/person\/image\/\",\"url\":\"https:\/\/secure.gravatar.com\/avatar\/f08f0b5bf5366443c417692874b613fb1b8f5673a8a03c9f82ef95a017501677?s=96&d=mm&r=g\",\"contentUrl\":\"https:\/\/secure.gravatar.com\/avatar\/f08f0b5bf5366443c417692874b613fb1b8f5673a8a03c9f82ef95a017501677?s=96&d=mm&r=g\",\"caption\":\"LAGUNA MADRID S.L.\"},\"sameAs\":[\"https:\/\/lagunamadrid.com\"],\"url\":\"https:\/\/www.lagunamadrid.com\/en\/author\/laguna\/\"}]}<\/script>\n<!-- \/ Yoast SEO plugin. -->","yoast_head_json":{"title":"EXPERIENCIAS CON ALMA - 26 de Septiembre - Vinos y Aceites Laguna","robots":{"index":"index","follow":"follow","max-snippet":"max-snippet:-1","max-image-preview":"max-image-preview:large","max-video-preview":"max-video-preview:-1"},"canonical":"https:\/\/www.lagunamadrid.com\/experiencias-alma-26-septiembre\/","og_locale":"en_US","og_type":"article","og_title":"EXPERIENCIAS CON ALMA - 26 de Septiembre - Vinos y Aceites Laguna","og_description":"&nbsp; \u00a1Tenemos una cita! &nbsp; El pr\u00f3ximo s\u00e1bado 26 de septiembre volvemos con una nueva edici\u00f3n de Experiencias con ALMA. &nbsp; Un mismo recorrido en esencia, pero cada vez una experiencia diferente. Y es que, en funci\u00f3n de la fecha en la que nos encontremos, cambiamos de vi\u00f1edo, los vinos que probamos, los lugares en [&hellip;]","og_url":"https:\/\/www.lagunamadrid.com\/experiencias-alma-26-septiembre\/","og_site_name":"Vinos y Aceites Laguna","article_published_time":"2020-09-14T14:32:11+00:00","article_modified_time":"2021-08-30T13:21:53+00:00","og_image":[{"width":1820,"height":1024,"url":"https:\/\/www.lagunamadrid.com\/wp-content\/uploads\/2020\/09\/EXPER.jpg","type":"image\/jpeg"}],"author":"LAGUNA MADRID S.L.","twitter_card":"summary_large_image","twitter_misc":{"Written by":"LAGUNA MADRID S.L.","Est. reading time":"1 minute"},"schema":{"@context":"https:\/\/schema.org","@graph":[{"@type":"Article","@id":"https:\/\/www.lagunamadrid.com\/experiencias-alma-26-septiembre\/#article","isPartOf":{"@id":"https:\/\/www.lagunamadrid.com\/experiencias-alma-26-septiembre\/"},"author":{"name":"LAGUNA MADRID S.L.","@id":"https:\/\/www.lagunamadrid.com\/#\/schema\/person\/d870d1978560a835730779e1fd9be6ee"},"headline":"EXPERIENCIAS CON ALMA &#8211; 26 de Septiembre","datePublished":"2020-09-14T14:32:11+00:00","dateModified":"2021-08-30T13:21:53+00:00","mainEntityOfPage":{"@id":"https:\/\/www.lagunamadrid.com\/experiencias-alma-26-septiembre\/"},"wordCount":271,"commentCount":0,"publisher":{"@id":"https:\/\/www.lagunamadrid.com\/#organization"},"image":{"@id":"https:\/\/www.lagunamadrid.com\/experiencias-alma-26-septiembre\/#primaryimage"},"thumbnailUrl":"https:\/\/www.lagunamadrid.com\/wp-content\/uploads\/2020\/09\/EXPER.jpg","articleSection":["Oleo-Enoturismo"],"inLanguage":"en-US","potentialAction":[{"@type":"CommentAction","name":"Comment","target":["https:\/\/www.lagunamadrid.com\/experiencias-alma-26-septiembre\/#respond"]}]},{"@type":"WebPage","@id":"https:\/\/www.lagunamadrid.com\/experiencias-alma-26-septiembre\/","url":"https:\/\/www.lagunamadrid.com\/experiencias-alma-26-septiembre\/","name":"EXPERIENCIAS CON ALMA - 26 de Septiembre - Vinos y Aceites Laguna","isPartOf":{"@id":"https:\/\/www.lagunamadrid.com\/#website"},"primaryImageOfPage":{"@id":"https:\/\/www.lagunamadrid.com\/experiencias-alma-26-septiembre\/#primaryimage"},"image":{"@id":"https:\/\/www.lagunamadrid.com\/experiencias-alma-26-septiembre\/#primaryimage"},"thumbnailUrl":"https:\/\/www.lagunamadrid.com\/wp-content\/uploads\/2020\/09\/EXPER.jpg","datePublished":"2020-09-14T14:32:11+00:00","dateModified":"2021-08-30T13:21:53+00:00","breadcrumb":{"@id":"https:\/\/www.lagunamadrid.com\/experiencias-alma-26-septiembre\/#breadcrumb"},"inLanguage":"en-US","potentialAction":[{"@type":"ReadAction","target":["https:\/\/www.lagunamadrid.com\/experiencias-alma-26-septiembre\/"]}]},{"@type":"ImageObject","inLanguage":"en-US","@id":"https:\/\/www.lagunamadrid.com\/experiencias-alma-26-septiembre\/#primaryimage","url":"https:\/\/www.lagunamadrid.com\/wp-content\/uploads\/2020\/09\/EXPER.jpg","contentUrl":"https:\/\/www.lagunamadrid.com\/wp-content\/uploads\/2020\/09\/EXPER.jpg","width":1820,"height":1024},{"@type":"BreadcrumbList","@id":"https:\/\/www.lagunamadrid.com\/experiencias-alma-26-septiembre\/#breadcrumb","itemListElement":[{"@type":"ListItem","position":1,"name":"Portada","item":"https:\/\/www.lagunamadrid.com\/"},{"@type":"ListItem","position":2,"name":"EXPERIENCIAS CON ALMA &#8211; 26 de Septiembre"}]},{"@type":"WebSite","@id":"https:\/\/www.lagunamadrid.com\/#website","url":"https:\/\/www.lagunamadrid.com\/","name":"Vinos y Aceites Laguna","description":"Elaboraci\u00f3n de vino y aceite de oliva virgen extra","publisher":{"@id":"https:\/\/www.lagunamadrid.com\/#organization"},"potentialAction":[{"@type":"SearchAction","target":{"@type":"EntryPoint","urlTemplate":"https:\/\/www.lagunamadrid.com\/?s={search_term_string}"},"query-input":{"@type":"PropertyValueSpecification","valueRequired":true,"valueName":"search_term_string"}}],"inLanguage":"en-US"},{"@type":"Organization","@id":"https:\/\/www.lagunamadrid.com\/#organization","name":"Vinos y Aceites Laguna S.L.","url":"https:\/\/www.lagunamadrid.com\/","logo":{"@type":"ImageObject","inLanguage":"en-US","@id":"https:\/\/www.lagunamadrid.com\/#\/schema\/logo\/image\/","url":"https:\/\/www.lagunamadrid.com\/wp-content\/uploads\/2019\/11\/LOGOpositivo-e1574944642744.jpg","contentUrl":"https:\/\/www.lagunamadrid.com\/wp-content\/uploads\/2019\/11\/LOGOpositivo-e1574944642744.jpg","width":250,"height":106,"caption":"Vinos y Aceites Laguna S.L."},"image":{"@id":"https:\/\/www.lagunamadrid.com\/#\/schema\/logo\/image\/"}},{"@type":"Person","@id":"https:\/\/www.lagunamadrid.com\/#\/schema\/person\/d870d1978560a835730779e1fd9be6ee","name":"LAGUNA MADRID S.L.","image":{"@type":"ImageObject","inLanguage":"en-US","@id":"https:\/\/www.lagunamadrid.com\/#\/schema\/person\/image\/","url":"https:\/\/secure.gravatar.com\/avatar\/f08f0b5bf5366443c417692874b613fb1b8f5673a8a03c9f82ef95a017501677?s=96&d=mm&r=g","contentUrl":"https:\/\/secure.gravatar.com\/avatar\/f08f0b5bf5366443c417692874b613fb1b8f5673a8a03c9f82ef95a017501677?s=96&d=mm&r=g","caption":"LAGUNA MADRID S.L."},"sameAs":["https:\/\/lagunamadrid.com"],"url":"https:\/\/www.lagunamadrid.com\/en\/author\/laguna\/"}]}},"_links":{"self":[{"href":"https:\/\/www.lagunamadrid.com\/en\/wp-json\/wp\/v2\/posts\/4631","targetHints":{"allow":["GET"]}}],"collection":[{"href":"https:\/\/www.lagunamadrid.com\/en\/wp-json\/wp\/v2\/posts"}],"about":[{"href":"https:\/\/www.lagunamadrid.com\/en\/wp-json\/wp\/v2\/types\/post"}],"author":[{"embeddable":true,"href":"https:\/\/www.lagunamadrid.com\/en\/wp-json\/wp\/v2\/users\/1"}],"replies":[{"embeddable":true,"href":"https:\/\/www.lagunamadrid.com\/en\/wp-json\/wp\/v2\/comments?post=4631"}],"version-history":[{"count":8,"href":"https:\/\/www.lagunamadrid.com\/en\/wp-json\/wp\/v2\/posts\/4631\/revisions"}],"predecessor-version":[{"id":5228,"href":"https:\/\/www.lagunamadrid.com\/en\/wp-json\/wp\/v2\/posts\/4631\/revisions\/5228"}],"wp:featuredmedia":[{"embeddable":true,"href":"https:\/\/www.lagunamadrid.com\/en\/wp-json\/wp\/v2\/media\/5227"}],"wp:attachment":[{"href":"https:\/\/www.lagunamadrid.com\/en\/wp-json\/wp\/v2\/media?parent=4631"}],"wp:term":[{"taxonomy":"category","embeddable":true,"href":"https:\/\/www.lagunamadrid.com\/en\/wp-json\/wp\/v2\/categories?post=4631"},{"taxonomy":"post_tag","embeddable":true,"href":"https:\/\/www.lagunamadrid.com\/en\/wp-json\/wp\/v2\/tags?post=4631"}],"curies":[{"name":"wp","href":"https:\/\/api.w.org\/{rel}","templated":true}]}}